{"id":4385,"date":"2016-07-24T19:51:40","date_gmt":"2016-07-24T22:51:40","guid":{"rendered":"http:\/\/www.fluxosolutions.com.br\/?p=4385"},"modified":"2021-08-04T18:01:55","modified_gmt":"2021-08-04T18:01:55","slug":"fluxo-concentra-atividades-fabris-em-unidade-de-santana-de-parnaiba","status":"publish","type":"post","link":"https:\/\/fluxo.si\/en\/newsletter\/32\/fluxo-concentra-atividades-fabris-em-unidade-de-santana-de-parnaiba\/","title":{"rendered":"Flow concentrates manufacturing activities at the Santana de Parna\u00edba Unit"},"content":{"rendered":"<p>Following the guidelines of its strategic planning, Fluxo gathered its production areas in Santana de Parna\u00edba at the beginning of April, and integrated its engineering, assembly and technical assistance activities.<\/p>\n<p>The team from the BU Engenharia e Sistemas da Fluxo is working side by side with the BU Services, that is, in the workshop where the skids are assembled, the maintenance and technical assistance services of products are also carried out, both under the supervision of the engineering. The company&#039;s stock and warehouse are also operating in the same unit. The areas that support production such as SMS, human and administrative resources were also transferred to the same property in Santana, to provide direct support to local activities.<\/p>\n<p>\u201cThe union of the sectors within the same physical space will provide the integration of activities and an improvement in the quality of our services, through the exchange of experience between the teams and the close supervision of the engineering team. The joint action of the service and engineering BUs will allow us to have a larger team to serve customers, and at the same time increase our competitiveness through the optimization of activities\u201d, explains the director of Operations and Commercial Paulo Frank.<\/p>\n<p>Fluxo&#039;s branch in S\u00e3o Paulo is now located in the Seattle Office Center Building, next to the Concei\u00e7\u00e3o subway station. The company&#039;s commercial team remained in this Unit, comprising the board, product and account managers. The proposal area was also maintained in this unit, due to the joint activity with the commercial area.<\/p>","protected":false},"excerpt":{"rendered":"<p>Seguindo as diretrizes de seu planejamento estrat\u00e9gico, a Fluxo reuniu suas \u00e1reas produtivas em Santana de Parna\u00edba no in\u00edcio de m\u00eas de abril, e integrou suas atividades de engenharia, montagem e assist\u00eancia t\u00e9cnica. A equipe da UN Engenharia e Sistemas da Fluxo est\u00e1 trabalhando lado a lado da UN Servi\u00e7os, ou seja, na oficina onde [&hellip;]<\/p>\n","protected":false},"author":4,"featured_media":4402,"comment_status":"open","ping_status":"open","sticky":false,"template":"","format":"standard","meta":{"_acf_changed":false,"_monsterinsights_skip_tracking":false,"_monsterinsights_sitenote_active":false,"_monsterinsights_sitenote_note":"","_monsterinsights_sitenote_category":0,"footnotes":""},"categories":[37],"tags":[91],"class_list":["post-4385","post","type-post","status-publish","format-standard","has-post-thumbnail","hentry","category-37","tag-novidades"],"acf":[],"yoast_head":"<!-- This site is optimized with the Yoast SEO plugin v27.5 - https:\/\/yoast.com\/product\/yoast-seo-wordpress\/ -->\n<title>Fluxo concentra atividades fabris em Unidade de Santana de Parna\u00edba - Fluxo Solu\u00e7\u00f5es<\/title>\n<meta name=\"robots\" content=\"index, follow, max-snippet:-1, max-image-preview:large, max-video-preview:-1\" \/>\n<link rel=\"canonical\" href=\"https:\/\/fluxo.si\/en\/newsletter\/32\/fluxo-concentra-atividades-fabris-em-unidade-de-santana-de-parnaiba\/\" \/>\n<meta property=\"og:locale\" content=\"en_US\" \/>\n<meta property=\"og:type\" content=\"article\" \/>\n<meta property=\"og:title\" content=\"Fluxo concentra atividades fabris em Unidade de Santana de Parna\u00edba - Fluxo Solu\u00e7\u00f5es\" \/>\n<meta property=\"og:description\" content=\"Seguindo as diretrizes de seu planejamento estrat\u00e9gico, a Fluxo reuniu suas \u00e1reas produtivas em Santana de Parna\u00edba no in\u00edcio de m\u00eas de abril, e integrou suas atividades de engenharia, montagem e assist\u00eancia t\u00e9cnica. A equipe da UN Engenharia e Sistemas da Fluxo est\u00e1 trabalhando lado a lado da UN Servi\u00e7os, ou seja, na oficina onde [&hellip;]\" \/>\n<meta property=\"og:url\" content=\"https:\/\/fluxo.si\/en\/newsletter\/32\/fluxo-concentra-atividades-fabris-em-unidade-de-santana-de-parnaiba\/\" \/>\n<meta property=\"og:site_name\" content=\"Fluxo Solu\u00e7\u00f5es\" \/>\n<meta property=\"article:published_time\" content=\"2016-07-24T22:51:40+00:00\" \/>\n<meta property=\"article:modified_time\" content=\"2021-08-04T18:01:55+00:00\" \/>\n<meta name=\"author\" content=\"anemilena\" \/>\n<meta name=\"twitter:card\" content=\"summary_large_image\" \/>\n<meta name=\"twitter:label1\" content=\"Written by\" \/>\n\t<meta name=\"twitter:data1\" content=\"anemilena\" \/>\n\t<meta name=\"twitter:label2\" content=\"Est. reading time\" \/>\n\t<meta name=\"twitter:data2\" content=\"1 minute\" \/>\n<script type=\"application\/ld+json\" class=\"yoast-schema-graph\">{\"@context\":\"https:\\\/\\\/schema.org\",\"@graph\":[{\"@type\":\"Article\",\"@id\":\"https:\\\/\\\/fluxo.si\\\/en\\\/newsletter\\\/32\\\/fluxo-concentra-atividades-fabris-em-unidade-de-santana-de-parnaiba\\\/#article\",\"isPartOf\":{\"@id\":\"https:\\\/\\\/fluxo.si\\\/en\\\/newsletter\\\/32\\\/fluxo-concentra-atividades-fabris-em-unidade-de-santana-de-parnaiba\\\/\"},\"author\":{\"name\":\"anemilena\",\"@id\":\"https:\\\/\\\/fluxo.si\\\/#\\\/schema\\\/person\\\/2e52a4d64afa6441a0102d49f3b84d90\"},\"headline\":\"Fluxo concentra atividades fabris em Unidade de Santana de Parna\u00edba\",\"datePublished\":\"2016-07-24T22:51:40+00:00\",\"dateModified\":\"2021-08-04T18:01:55+00:00\",\"mainEntityOfPage\":{\"@id\":\"https:\\\/\\\/fluxo.si\\\/en\\\/newsletter\\\/32\\\/fluxo-concentra-atividades-fabris-em-unidade-de-santana-de-parnaiba\\\/\"},\"wordCount\":307,\"commentCount\":0,\"publisher\":{\"@id\":\"https:\\\/\\\/fluxo.si\\\/#organization\"},\"image\":{\"@id\":\"https:\\\/\\\/fluxo.si\\\/en\\\/newsletter\\\/32\\\/fluxo-concentra-atividades-fabris-em-unidade-de-santana-de-parnaiba\\\/#primaryimage\"},\"thumbnailUrl\":\"\",\"keywords\":[\"NOVIDADES\"],\"articleSection\":[\"Newsletter 32\"],\"inLanguage\":\"en-US\",\"potentialAction\":[{\"@type\":\"CommentAction\",\"name\":\"Comment\",\"target\":[\"https:\\\/\\\/fluxo.si\\\/en\\\/newsletter\\\/32\\\/fluxo-concentra-atividades-fabris-em-unidade-de-santana-de-parnaiba\\\/#respond\"]}]},{\"@type\":\"WebPage\",\"@id\":\"https:\\\/\\\/fluxo.si\\\/en\\\/newsletter\\\/32\\\/fluxo-concentra-atividades-fabris-em-unidade-de-santana-de-parnaiba\\\/\",\"url\":\"https:\\\/\\\/fluxo.si\\\/en\\\/newsletter\\\/32\\\/fluxo-concentra-atividades-fabris-em-unidade-de-santana-de-parnaiba\\\/\",\"name\":\"Fluxo concentra atividades fabris em Unidade de Santana de Parna\u00edba - Fluxo Solu\u00e7\u00f5es\",\"isPartOf\":{\"@id\":\"https:\\\/\\\/fluxo.si\\\/#website\"},\"primaryImageOfPage\":{\"@id\":\"https:\\\/\\\/fluxo.si\\\/en\\\/newsletter\\\/32\\\/fluxo-concentra-atividades-fabris-em-unidade-de-santana-de-parnaiba\\\/#primaryimage\"},\"image\":{\"@id\":\"https:\\\/\\\/fluxo.si\\\/en\\\/newsletter\\\/32\\\/fluxo-concentra-atividades-fabris-em-unidade-de-santana-de-parnaiba\\\/#primaryimage\"},\"thumbnailUrl\":\"\",\"datePublished\":\"2016-07-24T22:51:40+00:00\",\"dateModified\":\"2021-08-04T18:01:55+00:00\",\"breadcrumb\":{\"@id\":\"https:\\\/\\\/fluxo.si\\\/en\\\/newsletter\\\/32\\\/fluxo-concentra-atividades-fabris-em-unidade-de-santana-de-parnaiba\\\/#breadcrumb\"},\"inLanguage\":\"en-US\",\"potentialAction\":[{\"@type\":\"ReadAction\",\"target\":[\"https:\\\/\\\/fluxo.si\\\/en\\\/newsletter\\\/32\\\/fluxo-concentra-atividades-fabris-em-unidade-de-santana-de-parnaiba\\\/\"]}]},{\"@type\":\"ImageObject\",\"inLanguage\":\"en-US\",\"@id\":\"https:\\\/\\\/fluxo.si\\\/en\\\/newsletter\\\/32\\\/fluxo-concentra-atividades-fabris-em-unidade-de-santana-de-parnaiba\\\/#primaryimage\",\"url\":\"\",\"contentUrl\":\"\"},{\"@type\":\"BreadcrumbList\",\"@id\":\"https:\\\/\\\/fluxo.si\\\/en\\\/newsletter\\\/32\\\/fluxo-concentra-atividades-fabris-em-unidade-de-santana-de-parnaiba\\\/#breadcrumb\",\"itemListElement\":[{\"@type\":\"ListItem\",\"position\":1,\"name\":\"In\u00edcio\",\"item\":\"https:\\\/\\\/fluxo.si\\\/\"},{\"@type\":\"ListItem\",\"position\":2,\"name\":\"Fluxo concentra atividades fabris em Unidade de Santana de Parna\u00edba\"}]},{\"@type\":\"WebSite\",\"@id\":\"https:\\\/\\\/fluxo.si\\\/#website\",\"url\":\"https:\\\/\\\/fluxo.si\\\/\",\"name\":\"Fluxo Solu\u00e7\u00f5es\",\"description\":\"Solu\u00e7\u00f5es e servi\u00e7os para processos industriais de produ\u00e7\u00e3o, movimenta\u00e7\u00e3o e armazenagem de fluidos.\",\"publisher\":{\"@id\":\"https:\\\/\\\/fluxo.si\\\/#organization\"},\"potentialAction\":[{\"@type\":\"SearchAction\",\"target\":{\"@type\":\"EntryPoint\",\"urlTemplate\":\"https:\\\/\\\/fluxo.si\\\/?s={search_term_string}\"},\"query-input\":{\"@type\":\"PropertyValueSpecification\",\"valueRequired\":true,\"valueName\":\"search_term_string\"}}],\"inLanguage\":\"en-US\"},{\"@type\":\"Organization\",\"@id\":\"https:\\\/\\\/fluxo.si\\\/#organization\",\"name\":\"Fluxo Solu\u00e7\u00f5es Integradas\",\"url\":\"https:\\\/\\\/fluxo.si\\\/\",\"logo\":{\"@type\":\"ImageObject\",\"inLanguage\":\"en-US\",\"@id\":\"https:\\\/\\\/fluxo.si\\\/#\\\/schema\\\/logo\\\/image\\\/\",\"url\":\"https:\\\/\\\/fluxo.si\\\/wp-content\\\/uploads\\\/2021\\\/05\\\/logo-fluxo-800.png\",\"contentUrl\":\"https:\\\/\\\/fluxo.si\\\/wp-content\\\/uploads\\\/2021\\\/05\\\/logo-fluxo-800.png\",\"width\":800,\"height\":268,\"caption\":\"Fluxo Solu\u00e7\u00f5es Integradas\"},\"image\":{\"@id\":\"https:\\\/\\\/fluxo.si\\\/#\\\/schema\\\/logo\\\/image\\\/\"},\"sameAs\":[\"https:\\\/\\\/www.linkedin.com\\\/company\\\/fluxosolutions\\\/\"]},{\"@type\":\"Person\",\"@id\":\"https:\\\/\\\/fluxo.si\\\/#\\\/schema\\\/person\\\/2e52a4d64afa6441a0102d49f3b84d90\",\"name\":\"anemilena\",\"image\":{\"@type\":\"ImageObject\",\"inLanguage\":\"en-US\",\"@id\":\"https:\\\/\\\/secure.gravatar.com\\\/avatar\\\/977f4507c4d554dac69e4581a6b651ab183f5d2a3681beba014701868a9a9d2c?s=96&d=mm&r=g\",\"url\":\"https:\\\/\\\/secure.gravatar.com\\\/avatar\\\/977f4507c4d554dac69e4581a6b651ab183f5d2a3681beba014701868a9a9d2c?s=96&d=mm&r=g\",\"contentUrl\":\"https:\\\/\\\/secure.gravatar.com\\\/avatar\\\/977f4507c4d554dac69e4581a6b651ab183f5d2a3681beba014701868a9a9d2c?s=96&d=mm&r=g\",\"caption\":\"anemilena\"}}]}<\/script>\n<!-- \/ Yoast SEO plugin. -->","yoast_head_json":{"title":"Fluxo concentrates manufacturing activities at the Santana de Parna\u00edba Unit - Fluxo Solu\u00e7\u00f5es","robots":{"index":"index","follow":"follow","max-snippet":"max-snippet:-1","max-image-preview":"max-image-preview:large","max-video-preview":"max-video-preview:-1"},"canonical":"https:\/\/fluxo.si\/en\/newsletter\/32\/fluxo-concentra-atividades-fabris-em-unidade-de-santana-de-parnaiba\/","og_locale":"en_US","og_type":"article","og_title":"Fluxo concentra atividades fabris em Unidade de Santana de Parna\u00edba - Fluxo Solu\u00e7\u00f5es","og_description":"Seguindo as diretrizes de seu planejamento estrat\u00e9gico, a Fluxo reuniu suas \u00e1reas produtivas em Santana de Parna\u00edba no in\u00edcio de m\u00eas de abril, e integrou suas atividades de engenharia, montagem e assist\u00eancia t\u00e9cnica. A equipe da UN Engenharia e Sistemas da Fluxo est\u00e1 trabalhando lado a lado da UN Servi\u00e7os, ou seja, na oficina onde [&hellip;]","og_url":"https:\/\/fluxo.si\/en\/newsletter\/32\/fluxo-concentra-atividades-fabris-em-unidade-de-santana-de-parnaiba\/","og_site_name":"Fluxo Solu\u00e7\u00f5es","article_published_time":"2016-07-24T22:51:40+00:00","article_modified_time":"2021-08-04T18:01:55+00:00","author":"anemilena","twitter_card":"summary_large_image","twitter_misc":{"Written by":"anemilena","Est. reading time":"1 minute"},"schema":{"@context":"https:\/\/schema.org","@graph":[{"@type":"Article","@id":"https:\/\/fluxo.si\/en\/newsletter\/32\/fluxo-concentra-atividades-fabris-em-unidade-de-santana-de-parnaiba\/#article","isPartOf":{"@id":"https:\/\/fluxo.si\/en\/newsletter\/32\/fluxo-concentra-atividades-fabris-em-unidade-de-santana-de-parnaiba\/"},"author":{"name":"anemilena","@id":"https:\/\/fluxo.si\/#\/schema\/person\/2e52a4d64afa6441a0102d49f3b84d90"},"headline":"Fluxo concentra atividades fabris em Unidade de Santana de Parna\u00edba","datePublished":"2016-07-24T22:51:40+00:00","dateModified":"2021-08-04T18:01:55+00:00","mainEntityOfPage":{"@id":"https:\/\/fluxo.si\/en\/newsletter\/32\/fluxo-concentra-atividades-fabris-em-unidade-de-santana-de-parnaiba\/"},"wordCount":307,"commentCount":0,"publisher":{"@id":"https:\/\/fluxo.si\/#organization"},"image":{"@id":"https:\/\/fluxo.si\/en\/newsletter\/32\/fluxo-concentra-atividades-fabris-em-unidade-de-santana-de-parnaiba\/#primaryimage"},"thumbnailUrl":"","keywords":["NOVIDADES"],"articleSection":["Newsletter 32"],"inLanguage":"en-US","potentialAction":[{"@type":"CommentAction","name":"Comment","target":["https:\/\/fluxo.si\/en\/newsletter\/32\/fluxo-concentra-atividades-fabris-em-unidade-de-santana-de-parnaiba\/#respond"]}]},{"@type":"WebPage","@id":"https:\/\/fluxo.si\/en\/newsletter\/32\/fluxo-concentra-atividades-fabris-em-unidade-de-santana-de-parnaiba\/","url":"https:\/\/fluxo.si\/en\/newsletter\/32\/fluxo-concentra-atividades-fabris-em-unidade-de-santana-de-parnaiba\/","name":"Fluxo concentrates manufacturing activities at the Santana de Parna\u00edba Unit - Fluxo Solu\u00e7\u00f5es","isPartOf":{"@id":"https:\/\/fluxo.si\/#website"},"primaryImageOfPage":{"@id":"https:\/\/fluxo.si\/en\/newsletter\/32\/fluxo-concentra-atividades-fabris-em-unidade-de-santana-de-parnaiba\/#primaryimage"},"image":{"@id":"https:\/\/fluxo.si\/en\/newsletter\/32\/fluxo-concentra-atividades-fabris-em-unidade-de-santana-de-parnaiba\/#primaryimage"},"thumbnailUrl":"","datePublished":"2016-07-24T22:51:40+00:00","dateModified":"2021-08-04T18:01:55+00:00","breadcrumb":{"@id":"https:\/\/fluxo.si\/en\/newsletter\/32\/fluxo-concentra-atividades-fabris-em-unidade-de-santana-de-parnaiba\/#breadcrumb"},"inLanguage":"en-US","potentialAction":[{"@type":"ReadAction","target":["https:\/\/fluxo.si\/en\/newsletter\/32\/fluxo-concentra-atividades-fabris-em-unidade-de-santana-de-parnaiba\/"]}]},{"@type":"ImageObject","inLanguage":"en-US","@id":"https:\/\/fluxo.si\/en\/newsletter\/32\/fluxo-concentra-atividades-fabris-em-unidade-de-santana-de-parnaiba\/#primaryimage","url":"","contentUrl":""},{"@type":"BreadcrumbList","@id":"https:\/\/fluxo.si\/en\/newsletter\/32\/fluxo-concentra-atividades-fabris-em-unidade-de-santana-de-parnaiba\/#breadcrumb","itemListElement":[{"@type":"ListItem","position":1,"name":"In\u00edcio","item":"https:\/\/fluxo.si\/"},{"@type":"ListItem","position":2,"name":"Fluxo concentra atividades fabris em Unidade de Santana de Parna\u00edba"}]},{"@type":"WebSite","@id":"https:\/\/fluxo.si\/#website","url":"https:\/\/fluxo.si\/","name":"Flow Solutions","description":"Solutions and services for industrial processes of production, movement and storage of fluids.","publisher":{"@id":"https:\/\/fluxo.si\/#organization"},"potentialAction":[{"@type":"SearchAction","target":{"@type":"EntryPoint","urlTemplate":"https:\/\/fluxo.si\/?s={search_term_string}"},"query-input":{"@type":"PropertyValueSpecification","valueRequired":true,"valueName":"search_term_string"}}],"inLanguage":"en-US"},{"@type":"Organization","@id":"https:\/\/fluxo.si\/#organization","name":"Integrated Solutions Flow","url":"https:\/\/fluxo.si\/","logo":{"@type":"ImageObject","inLanguage":"en-US","@id":"https:\/\/fluxo.si\/#\/schema\/logo\/image\/","url":"https:\/\/fluxo.si\/wp-content\/uploads\/2021\/05\/logo-fluxo-800.png","contentUrl":"https:\/\/fluxo.si\/wp-content\/uploads\/2021\/05\/logo-fluxo-800.png","width":800,"height":268,"caption":"Fluxo Solu\u00e7\u00f5es Integradas"},"image":{"@id":"https:\/\/fluxo.si\/#\/schema\/logo\/image\/"},"sameAs":["https:\/\/www.linkedin.com\/company\/fluxosolutions\/"]},{"@type":"Person","@id":"https:\/\/fluxo.si\/#\/schema\/person\/2e52a4d64afa6441a0102d49f3b84d90","name":"anemilena","image":{"@type":"ImageObject","inLanguage":"en-US","@id":"https:\/\/secure.gravatar.com\/avatar\/977f4507c4d554dac69e4581a6b651ab183f5d2a3681beba014701868a9a9d2c?s=96&d=mm&r=g","url":"https:\/\/secure.gravatar.com\/avatar\/977f4507c4d554dac69e4581a6b651ab183f5d2a3681beba014701868a9a9d2c?s=96&d=mm&r=g","contentUrl":"https:\/\/secure.gravatar.com\/avatar\/977f4507c4d554dac69e4581a6b651ab183f5d2a3681beba014701868a9a9d2c?s=96&d=mm&r=g","caption":"anemilena"}}]}},"_links":{"self":[{"href":"https:\/\/fluxo.si\/en\/wp-json\/wp\/v2\/posts\/4385","targetHints":{"allow":["GET"]}}],"collection":[{"href":"https:\/\/fluxo.si\/en\/wp-json\/wp\/v2\/posts"}],"about":[{"href":"https:\/\/fluxo.si\/en\/wp-json\/wp\/v2\/types\/post"}],"author":[{"embeddable":true,"href":"https:\/\/fluxo.si\/en\/wp-json\/wp\/v2\/users\/4"}],"replies":[{"embeddable":true,"href":"https:\/\/fluxo.si\/en\/wp-json\/wp\/v2\/comments?post=4385"}],"version-history":[{"count":1,"href":"https:\/\/fluxo.si\/en\/wp-json\/wp\/v2\/posts\/4385\/revisions"}],"predecessor-version":[{"id":5417,"href":"https:\/\/fluxo.si\/en\/wp-json\/wp\/v2\/posts\/4385\/revisions\/5417"}],"wp:featuredmedia":[{"embeddable":true,"href":"https:\/\/fluxo.si\/en\/wp-json\/"}],"wp:attachment":[{"href":"https:\/\/fluxo.si\/en\/wp-json\/wp\/v2\/media?parent=4385"}],"wp:term":[{"taxonomy":"category","embeddable":true,"href":"https:\/\/fluxo.si\/en\/wp-json\/wp\/v2\/categories?post=4385"},{"taxonomy":"post_tag","embeddable":true,"href":"https:\/\/fluxo.si\/en\/wp-json\/wp\/v2\/tags?post=4385"}],"curies":[{"name":"wp","href":"https:\/\/api.w.org\/{rel}","templated":true}]}}