{"id":1539,"date":"2012-01-11T09:35:25","date_gmt":"2012-01-11T09:35:25","guid":{"rendered":"http:\/\/www.fluxosolutions.com.br\/?p=990"},"modified":"2012-01-11T09:35:25","modified_gmt":"2012-01-11T09:35:25","slug":"novo-diretor-para-a-fluxo-no-norte-nordeste-e-minas-gerais","status":"publish","type":"post","link":"https:\/\/fluxo.si\/en\/newsletter\/14\/novo-diretor-para-a-fluxo-no-norte-nordeste-e-minas-gerais\/","title":{"rendered":"New director for Fluxo in the North, Northeast and Minas Gerais"},"content":{"rendered":"<p>Fluxo created a new department responsible for operations in the North, Northeast and Minas Gerais states. The new board will have the exclusive dedication of engineer Paulo Frank, former account manager for the company. Prior to the creation of the board, these activities were within the scope of work of business development director Jos\u00e9 Marinho Leite, who will now focus his experience on the growing Integrated Solutions department, in addition to devoting greater dedication to the alcohol and biodiesel markets.<\/p>\n<p>Paulo will cover businesses in the State of Minas Gerais, especially activities in the mining segment, but also initiating actions in the metallurgy, steel, water and cellulose markets.<\/p>","protected":false},"excerpt":{"rendered":"<p>A Fluxo criou uma nova diretoria respons\u00e1vel pelas opera\u00e7\u00f5es nos Estados do Norte, Nordeste e Minas Gerais. A nova diretoria ter\u00e1 dedica\u00e7\u00e3o exclusiva do engenheiro Paulo Frank, antigo gerente de contas da casa. Antes da cria\u00e7\u00e3o da diretoria, essas atividades estavam no escopo de trabalho do diretor de desenvolvimento de neg\u00f3cios Jos\u00e9 Marinho Leite, que [&hellip;]<\/p>\n","protected":false},"author":2,"featured_media":2339,"comment_status":"open","ping_status":"open","sticky":false,"template":"","format":"standard","meta":{"_acf_changed":false,"_monsterinsights_skip_tracking":false,"_monsterinsights_sitenote_active":false,"_monsterinsights_sitenote_note":"","_monsterinsights_sitenote_category":0,"footnotes":""},"categories":[73],"tags":[],"class_list":["post-1539","post","type-post","status-publish","format-standard","has-post-thumbnail","hentry","category-73"],"acf":[],"yoast_head":"<!-- This site is optimized with the Yoast SEO plugin v27.5 - https:\/\/yoast.com\/product\/yoast-seo-wordpress\/ -->\n<title>Novo diretor para a Fluxo no Norte, Nordeste e Minas Gerais - Fluxo Solu\u00e7\u00f5es<\/title>\n<meta name=\"robots\" content=\"index, follow, max-snippet:-1, max-image-preview:large, max-video-preview:-1\" \/>\n<link rel=\"canonical\" href=\"https:\/\/fluxo.si\/en\/newsletter\/14\/novo-diretor-para-a-fluxo-no-norte-nordeste-e-minas-gerais\/\" \/>\n<meta property=\"og:locale\" content=\"en_US\" \/>\n<meta property=\"og:type\" content=\"article\" \/>\n<meta property=\"og:title\" content=\"Novo diretor para a Fluxo no Norte, Nordeste e Minas Gerais - Fluxo Solu\u00e7\u00f5es\" \/>\n<meta property=\"og:description\" content=\"A Fluxo criou uma nova diretoria respons\u00e1vel pelas opera\u00e7\u00f5es nos Estados do Norte, Nordeste e Minas Gerais. A nova diretoria ter\u00e1 dedica\u00e7\u00e3o exclusiva do engenheiro Paulo Frank, antigo gerente de contas da casa. Antes da cria\u00e7\u00e3o da diretoria, essas atividades estavam no escopo de trabalho do diretor de desenvolvimento de neg\u00f3cios Jos\u00e9 Marinho Leite, que [&hellip;]\" \/>\n<meta property=\"og:url\" content=\"https:\/\/fluxo.si\/en\/newsletter\/14\/novo-diretor-para-a-fluxo-no-norte-nordeste-e-minas-gerais\/\" \/>\n<meta property=\"og:site_name\" content=\"Fluxo Solu\u00e7\u00f5es\" \/>\n<meta property=\"article:published_time\" content=\"2012-01-11T09:35:25+00:00\" \/>\n<meta name=\"author\" content=\"Ane Milena\" \/>\n<meta name=\"twitter:card\" content=\"summary_large_image\" \/>\n<meta name=\"twitter:label1\" content=\"Written by\" \/>\n\t<meta name=\"twitter:data1\" content=\"Ane Milena\" \/>\n\t<meta name=\"twitter:label2\" content=\"Est. reading time\" \/>\n\t<meta name=\"twitter:data2\" content=\"1 minute\" \/>\n<script type=\"application\/ld+json\" class=\"yoast-schema-graph\">{\"@context\":\"https:\\\/\\\/schema.org\",\"@graph\":[{\"@type\":\"Article\",\"@id\":\"https:\\\/\\\/fluxo.si\\\/newsletter\\\/14\\\/novo-diretor-para-a-fluxo-no-norte-nordeste-e-minas-gerais\\\/#article\",\"isPartOf\":{\"@id\":\"https:\\\/\\\/fluxo.si\\\/newsletter\\\/14\\\/novo-diretor-para-a-fluxo-no-norte-nordeste-e-minas-gerais\\\/\"},\"author\":{\"name\":\"Ane Milena\",\"@id\":\"https:\\\/\\\/fluxo.si\\\/#\\\/schema\\\/person\\\/10351f3a60d78109bd0d6b9f61217345\"},\"headline\":\"Novo diretor para a Fluxo no Norte, Nordeste e Minas Gerais\",\"datePublished\":\"2012-01-11T09:35:25+00:00\",\"mainEntityOfPage\":{\"@id\":\"https:\\\/\\\/fluxo.si\\\/newsletter\\\/14\\\/novo-diretor-para-a-fluxo-no-norte-nordeste-e-minas-gerais\\\/\"},\"wordCount\":132,\"commentCount\":0,\"publisher\":{\"@id\":\"https:\\\/\\\/fluxo.si\\\/#organization\"},\"image\":{\"@id\":\"https:\\\/\\\/fluxo.si\\\/newsletter\\\/14\\\/novo-diretor-para-a-fluxo-no-norte-nordeste-e-minas-gerais\\\/#primaryimage\"},\"thumbnailUrl\":\"\",\"articleSection\":[\"Newsletter 14\"],\"inLanguage\":\"en-US\",\"potentialAction\":[{\"@type\":\"CommentAction\",\"name\":\"Comment\",\"target\":[\"https:\\\/\\\/fluxo.si\\\/newsletter\\\/14\\\/novo-diretor-para-a-fluxo-no-norte-nordeste-e-minas-gerais\\\/#respond\"]}]},{\"@type\":\"WebPage\",\"@id\":\"https:\\\/\\\/fluxo.si\\\/newsletter\\\/14\\\/novo-diretor-para-a-fluxo-no-norte-nordeste-e-minas-gerais\\\/\",\"url\":\"https:\\\/\\\/fluxo.si\\\/newsletter\\\/14\\\/novo-diretor-para-a-fluxo-no-norte-nordeste-e-minas-gerais\\\/\",\"name\":\"Novo diretor para a Fluxo no Norte, Nordeste e Minas Gerais - Fluxo Solu\u00e7\u00f5es\",\"isPartOf\":{\"@id\":\"https:\\\/\\\/fluxo.si\\\/#website\"},\"primaryImageOfPage\":{\"@id\":\"https:\\\/\\\/fluxo.si\\\/newsletter\\\/14\\\/novo-diretor-para-a-fluxo-no-norte-nordeste-e-minas-gerais\\\/#primaryimage\"},\"image\":{\"@id\":\"https:\\\/\\\/fluxo.si\\\/newsletter\\\/14\\\/novo-diretor-para-a-fluxo-no-norte-nordeste-e-minas-gerais\\\/#primaryimage\"},\"thumbnailUrl\":\"\",\"datePublished\":\"2012-01-11T09:35:25+00:00\",\"breadcrumb\":{\"@id\":\"https:\\\/\\\/fluxo.si\\\/newsletter\\\/14\\\/novo-diretor-para-a-fluxo-no-norte-nordeste-e-minas-gerais\\\/#breadcrumb\"},\"inLanguage\":\"en-US\",\"potentialAction\":[{\"@type\":\"ReadAction\",\"target\":[\"https:\\\/\\\/fluxo.si\\\/newsletter\\\/14\\\/novo-diretor-para-a-fluxo-no-norte-nordeste-e-minas-gerais\\\/\"]}]},{\"@type\":\"ImageObject\",\"inLanguage\":\"en-US\",\"@id\":\"https:\\\/\\\/fluxo.si\\\/newsletter\\\/14\\\/novo-diretor-para-a-fluxo-no-norte-nordeste-e-minas-gerais\\\/#primaryimage\",\"url\":\"\",\"contentUrl\":\"\"},{\"@type\":\"BreadcrumbList\",\"@id\":\"https:\\\/\\\/fluxo.si\\\/newsletter\\\/14\\\/novo-diretor-para-a-fluxo-no-norte-nordeste-e-minas-gerais\\\/#breadcrumb\",\"itemListElement\":[{\"@type\":\"ListItem\",\"position\":1,\"name\":\"In\u00edcio\",\"item\":\"https:\\\/\\\/fluxo.si\\\/\"},{\"@type\":\"ListItem\",\"position\":2,\"name\":\"Novo diretor para a Fluxo no Norte, Nordeste e Minas Gerais\"}]},{\"@type\":\"WebSite\",\"@id\":\"https:\\\/\\\/fluxo.si\\\/#website\",\"url\":\"https:\\\/\\\/fluxo.si\\\/\",\"name\":\"Fluxo Solu\u00e7\u00f5es\",\"description\":\"Solu\u00e7\u00f5es e servi\u00e7os para processos industriais de produ\u00e7\u00e3o, movimenta\u00e7\u00e3o e armazenagem de fluidos.\",\"publisher\":{\"@id\":\"https:\\\/\\\/fluxo.si\\\/#organization\"},\"potentialAction\":[{\"@type\":\"SearchAction\",\"target\":{\"@type\":\"EntryPoint\",\"urlTemplate\":\"https:\\\/\\\/fluxo.si\\\/?s={search_term_string}\"},\"query-input\":{\"@type\":\"PropertyValueSpecification\",\"valueRequired\":true,\"valueName\":\"search_term_string\"}}],\"inLanguage\":\"en-US\"},{\"@type\":\"Organization\",\"@id\":\"https:\\\/\\\/fluxo.si\\\/#organization\",\"name\":\"Fluxo Solu\u00e7\u00f5es Integradas\",\"url\":\"https:\\\/\\\/fluxo.si\\\/\",\"logo\":{\"@type\":\"ImageObject\",\"inLanguage\":\"en-US\",\"@id\":\"https:\\\/\\\/fluxo.si\\\/#\\\/schema\\\/logo\\\/image\\\/\",\"url\":\"https:\\\/\\\/fluxo.si\\\/wp-content\\\/uploads\\\/2021\\\/05\\\/logo-fluxo-800.png\",\"contentUrl\":\"https:\\\/\\\/fluxo.si\\\/wp-content\\\/uploads\\\/2021\\\/05\\\/logo-fluxo-800.png\",\"width\":800,\"height\":268,\"caption\":\"Fluxo Solu\u00e7\u00f5es Integradas\"},\"image\":{\"@id\":\"https:\\\/\\\/fluxo.si\\\/#\\\/schema\\\/logo\\\/image\\\/\"},\"sameAs\":[\"https:\\\/\\\/www.linkedin.com\\\/company\\\/fluxosolutions\\\/\"]},{\"@type\":\"Person\",\"@id\":\"https:\\\/\\\/fluxo.si\\\/#\\\/schema\\\/person\\\/10351f3a60d78109bd0d6b9f61217345\",\"name\":\"Ane Milena\",\"image\":{\"@type\":\"ImageObject\",\"inLanguage\":\"en-US\",\"@id\":\"https:\\\/\\\/secure.gravatar.com\\\/avatar\\\/440ac0b9f23b5141ff85d612f6e39dd4add008e57d0388bf34434c1cc8f20087?s=96&d=mm&r=g\",\"url\":\"https:\\\/\\\/secure.gravatar.com\\\/avatar\\\/440ac0b9f23b5141ff85d612f6e39dd4add008e57d0388bf34434c1cc8f20087?s=96&d=mm&r=g\",\"contentUrl\":\"https:\\\/\\\/secure.gravatar.com\\\/avatar\\\/440ac0b9f23b5141ff85d612f6e39dd4add008e57d0388bf34434c1cc8f20087?s=96&d=mm&r=g\",\"caption\":\"Ane Milena\"}}]}<\/script>\n<!-- \/ Yoast SEO plugin. -->","yoast_head_json":{"title":"Novo diretor para a Fluxo no Norte, Nordeste e Minas Gerais - Fluxo Solu\u00e7\u00f5es","robots":{"index":"index","follow":"follow","max-snippet":"max-snippet:-1","max-image-preview":"max-image-preview:large","max-video-preview":"max-video-preview:-1"},"canonical":"https:\/\/fluxo.si\/en\/newsletter\/14\/novo-diretor-para-a-fluxo-no-norte-nordeste-e-minas-gerais\/","og_locale":"en_US","og_type":"article","og_title":"Novo diretor para a Fluxo no Norte, Nordeste e Minas Gerais - Fluxo Solu\u00e7\u00f5es","og_description":"A Fluxo criou uma nova diretoria respons\u00e1vel pelas opera\u00e7\u00f5es nos Estados do Norte, Nordeste e Minas Gerais. A nova diretoria ter\u00e1 dedica\u00e7\u00e3o exclusiva do engenheiro Paulo Frank, antigo gerente de contas da casa. Antes da cria\u00e7\u00e3o da diretoria, essas atividades estavam no escopo de trabalho do diretor de desenvolvimento de neg\u00f3cios Jos\u00e9 Marinho Leite, que [&hellip;]","og_url":"https:\/\/fluxo.si\/en\/newsletter\/14\/novo-diretor-para-a-fluxo-no-norte-nordeste-e-minas-gerais\/","og_site_name":"Fluxo Solu\u00e7\u00f5es","article_published_time":"2012-01-11T09:35:25+00:00","author":"Ane Milena","twitter_card":"summary_large_image","twitter_misc":{"Written by":"Ane Milena","Est. reading time":"1 minute"},"schema":{"@context":"https:\/\/schema.org","@graph":[{"@type":"Article","@id":"https:\/\/fluxo.si\/newsletter\/14\/novo-diretor-para-a-fluxo-no-norte-nordeste-e-minas-gerais\/#article","isPartOf":{"@id":"https:\/\/fluxo.si\/newsletter\/14\/novo-diretor-para-a-fluxo-no-norte-nordeste-e-minas-gerais\/"},"author":{"name":"Ane Milena","@id":"https:\/\/fluxo.si\/#\/schema\/person\/10351f3a60d78109bd0d6b9f61217345"},"headline":"Novo diretor para a Fluxo no Norte, Nordeste e Minas Gerais","datePublished":"2012-01-11T09:35:25+00:00","mainEntityOfPage":{"@id":"https:\/\/fluxo.si\/newsletter\/14\/novo-diretor-para-a-fluxo-no-norte-nordeste-e-minas-gerais\/"},"wordCount":132,"commentCount":0,"publisher":{"@id":"https:\/\/fluxo.si\/#organization"},"image":{"@id":"https:\/\/fluxo.si\/newsletter\/14\/novo-diretor-para-a-fluxo-no-norte-nordeste-e-minas-gerais\/#primaryimage"},"thumbnailUrl":"","articleSection":["Newsletter 14"],"inLanguage":"en-US","potentialAction":[{"@type":"CommentAction","name":"Comment","target":["https:\/\/fluxo.si\/newsletter\/14\/novo-diretor-para-a-fluxo-no-norte-nordeste-e-minas-gerais\/#respond"]}]},{"@type":"WebPage","@id":"https:\/\/fluxo.si\/newsletter\/14\/novo-diretor-para-a-fluxo-no-norte-nordeste-e-minas-gerais\/","url":"https:\/\/fluxo.si\/newsletter\/14\/novo-diretor-para-a-fluxo-no-norte-nordeste-e-minas-gerais\/","name":"Novo diretor para a Fluxo no Norte, Nordeste e Minas Gerais - Fluxo Solu\u00e7\u00f5es","isPartOf":{"@id":"https:\/\/fluxo.si\/#website"},"primaryImageOfPage":{"@id":"https:\/\/fluxo.si\/newsletter\/14\/novo-diretor-para-a-fluxo-no-norte-nordeste-e-minas-gerais\/#primaryimage"},"image":{"@id":"https:\/\/fluxo.si\/newsletter\/14\/novo-diretor-para-a-fluxo-no-norte-nordeste-e-minas-gerais\/#primaryimage"},"thumbnailUrl":"","datePublished":"2012-01-11T09:35:25+00:00","breadcrumb":{"@id":"https:\/\/fluxo.si\/newsletter\/14\/novo-diretor-para-a-fluxo-no-norte-nordeste-e-minas-gerais\/#breadcrumb"},"inLanguage":"en-US","potentialAction":[{"@type":"ReadAction","target":["https:\/\/fluxo.si\/newsletter\/14\/novo-diretor-para-a-fluxo-no-norte-nordeste-e-minas-gerais\/"]}]},{"@type":"ImageObject","inLanguage":"en-US","@id":"https:\/\/fluxo.si\/newsletter\/14\/novo-diretor-para-a-fluxo-no-norte-nordeste-e-minas-gerais\/#primaryimage","url":"","contentUrl":""},{"@type":"BreadcrumbList","@id":"https:\/\/fluxo.si\/newsletter\/14\/novo-diretor-para-a-fluxo-no-norte-nordeste-e-minas-gerais\/#breadcrumb","itemListElement":[{"@type":"ListItem","position":1,"name":"In\u00edcio","item":"https:\/\/fluxo.si\/"},{"@type":"ListItem","position":2,"name":"Novo diretor para a Fluxo no Norte, Nordeste e Minas Gerais"}]},{"@type":"WebSite","@id":"https:\/\/fluxo.si\/#website","url":"https:\/\/fluxo.si\/","name":"Flow Solutions","description":"Solutions and services for industrial processes of production, movement and storage of fluids.","publisher":{"@id":"https:\/\/fluxo.si\/#organization"},"potentialAction":[{"@type":"SearchAction","target":{"@type":"EntryPoint","urlTemplate":"https:\/\/fluxo.si\/?s={search_term_string}"},"query-input":{"@type":"PropertyValueSpecification","valueRequired":true,"valueName":"search_term_string"}}],"inLanguage":"en-US"},{"@type":"Organization","@id":"https:\/\/fluxo.si\/#organization","name":"Integrated Solutions Flow","url":"https:\/\/fluxo.si\/","logo":{"@type":"ImageObject","inLanguage":"en-US","@id":"https:\/\/fluxo.si\/#\/schema\/logo\/image\/","url":"https:\/\/fluxo.si\/wp-content\/uploads\/2021\/05\/logo-fluxo-800.png","contentUrl":"https:\/\/fluxo.si\/wp-content\/uploads\/2021\/05\/logo-fluxo-800.png","width":800,"height":268,"caption":"Fluxo Solu\u00e7\u00f5es Integradas"},"image":{"@id":"https:\/\/fluxo.si\/#\/schema\/logo\/image\/"},"sameAs":["https:\/\/www.linkedin.com\/company\/fluxosolutions\/"]},{"@type":"Person","@id":"https:\/\/fluxo.si\/#\/schema\/person\/10351f3a60d78109bd0d6b9f61217345","name":"Ane Milena","image":{"@type":"ImageObject","inLanguage":"en-US","@id":"https:\/\/secure.gravatar.com\/avatar\/440ac0b9f23b5141ff85d612f6e39dd4add008e57d0388bf34434c1cc8f20087?s=96&d=mm&r=g","url":"https:\/\/secure.gravatar.com\/avatar\/440ac0b9f23b5141ff85d612f6e39dd4add008e57d0388bf34434c1cc8f20087?s=96&d=mm&r=g","contentUrl":"https:\/\/secure.gravatar.com\/avatar\/440ac0b9f23b5141ff85d612f6e39dd4add008e57d0388bf34434c1cc8f20087?s=96&d=mm&r=g","caption":"Ane Milena"}}]}},"_links":{"self":[{"href":"https:\/\/fluxo.si\/en\/wp-json\/wp\/v2\/posts\/1539","targetHints":{"allow":["GET"]}}],"collection":[{"href":"https:\/\/fluxo.si\/en\/wp-json\/wp\/v2\/posts"}],"about":[{"href":"https:\/\/fluxo.si\/en\/wp-json\/wp\/v2\/types\/post"}],"author":[{"embeddable":true,"href":"https:\/\/fluxo.si\/en\/wp-json\/wp\/v2\/users\/2"}],"replies":[{"embeddable":true,"href":"https:\/\/fluxo.si\/en\/wp-json\/wp\/v2\/comments?post=1539"}],"version-history":[{"count":0,"href":"https:\/\/fluxo.si\/en\/wp-json\/wp\/v2\/posts\/1539\/revisions"}],"wp:featuredmedia":[{"embeddable":true,"href":"https:\/\/fluxo.si\/en\/wp-json\/"}],"wp:attachment":[{"href":"https:\/\/fluxo.si\/en\/wp-json\/wp\/v2\/media?parent=1539"}],"wp:term":[{"taxonomy":"category","embeddable":true,"href":"https:\/\/fluxo.si\/en\/wp-json\/wp\/v2\/categories?post=1539"},{"taxonomy":"post_tag","embeddable":true,"href":"https:\/\/fluxo.si\/en\/wp-json\/wp\/v2\/tags?post=1539"}],"curies":[{"name":"wp","href":"https:\/\/api.w.org\/{rel}","templated":true}]}}