{"id":1394,"date":"2011-09-14T20:43:57","date_gmt":"2011-09-14T20:43:57","guid":{"rendered":"http:\/\/www.fluxosolutions.com.br\/?p=119"},"modified":"2021-08-04T17:56:42","modified_gmt":"2021-08-04T17:56:42","slug":"fluxo-assina-acordo-coletivo-para-distribuicao-dos-lucros","status":"publish","type":"post","link":"https:\/\/fluxo.si\/en\/newsletter\/22\/fluxo-assina-acordo-coletivo-para-distribuicao-dos-lucros\/","title":{"rendered":"Flow signs collective agreement for profit distribution"},"content":{"rendered":"<p>G\u00e9rsio Chiminazzo has worked at Fluxo since 2008 and until last year he had never received variable remuneration from the company. In August 2010, it obtained an advance on profit sharing for the same year, with the balance to be distributed now in March. These events result from a decision taken by the company, formalized through a collective agreement signed with the trade union, which makes the profit sharing program official, already in progress. It is now documented that all employees with more than six months of service will be entitled to receive part of the profits if the company achieves an EBTIDA income greater than 10%.<\/p>\n<p>Receipts will be associated with the performance of each employee. To measure them, individual and collective goals were established, which will be taken into account when establishing the amounts received. The new profit sharing system replaces the old commission system.<\/p>","protected":false},"excerpt":{"rendered":"<p>G\u00e9rsio Chiminazzo trabalha na Fluxo desde 2008 e at\u00e9 ano passado nunca tinha recebido remunera\u00e7\u00e3o vari\u00e1vel pela empresa. Em agosto de 2010, obteve adiantamento sobre a participa\u00e7\u00e3o nos lucros deste mesmo ano, com saldo a ser distribu\u00eddo agora em mar\u00e7o. Estes acontecimentos decorrem de decis\u00e3o tomada pela empresa, formalizada atrav\u00e9s de acordo coletivo assinado com [&hellip;]<\/p>\n","protected":false},"author":2,"featured_media":0,"comment_status":"open","ping_status":"open","sticky":false,"template":"","format":"standard","meta":{"_acf_changed":false,"_monsterinsights_skip_tracking":false,"_monsterinsights_sitenote_active":false,"_monsterinsights_sitenote_note":"","_monsterinsights_sitenote_category":0,"footnotes":""},"categories":[46],"tags":[],"class_list":["post-1394","post","type-post","status-publish","format-standard","hentry","category-46"],"acf":[],"yoast_head":"<!-- This site is optimized with the Yoast SEO plugin v27.5 - https:\/\/yoast.com\/product\/yoast-seo-wordpress\/ -->\n<title>Fluxo assina acordo coletivo para distribui\u00e7\u00e3o dos lucros - Fluxo Solu\u00e7\u00f5es<\/title>\n<meta name=\"robots\" content=\"index, follow, max-snippet:-1, max-image-preview:large, max-video-preview:-1\" \/>\n<link rel=\"canonical\" href=\"https:\/\/fluxo.si\/en\/newsletter\/22\/fluxo-assina-acordo-coletivo-para-distribuicao-dos-lucros\/\" \/>\n<meta property=\"og:locale\" content=\"en_US\" \/>\n<meta property=\"og:type\" content=\"article\" \/>\n<meta property=\"og:title\" content=\"Fluxo assina acordo coletivo para distribui\u00e7\u00e3o dos lucros - Fluxo Solu\u00e7\u00f5es\" \/>\n<meta property=\"og:description\" content=\"G\u00e9rsio Chiminazzo trabalha na Fluxo desde 2008 e at\u00e9 ano passado nunca tinha recebido remunera\u00e7\u00e3o vari\u00e1vel pela empresa. Em agosto de 2010, obteve adiantamento sobre a participa\u00e7\u00e3o nos lucros deste mesmo ano, com saldo a ser distribu\u00eddo agora em mar\u00e7o. Estes acontecimentos decorrem de decis\u00e3o tomada pela empresa, formalizada atrav\u00e9s de acordo coletivo assinado com [&hellip;]\" \/>\n<meta property=\"og:url\" content=\"https:\/\/fluxo.si\/en\/newsletter\/22\/fluxo-assina-acordo-coletivo-para-distribuicao-dos-lucros\/\" \/>\n<meta property=\"og:site_name\" content=\"Fluxo Solu\u00e7\u00f5es\" \/>\n<meta property=\"article:published_time\" content=\"2011-09-14T20:43:57+00:00\" \/>\n<meta property=\"article:modified_time\" content=\"2021-08-04T17:56:42+00:00\" \/>\n<meta name=\"author\" content=\"Ane Milena\" \/>\n<meta name=\"twitter:card\" content=\"summary_large_image\" \/>\n<meta name=\"twitter:label1\" content=\"Written by\" \/>\n\t<meta name=\"twitter:data1\" content=\"Ane Milena\" \/>\n\t<meta name=\"twitter:label2\" content=\"Est. reading time\" \/>\n\t<meta name=\"twitter:data2\" content=\"1 minute\" \/>\n<script type=\"application\/ld+json\" class=\"yoast-schema-graph\">{\"@context\":\"https:\\\/\\\/schema.org\",\"@graph\":[{\"@type\":\"Article\",\"@id\":\"https:\\\/\\\/fluxo.si\\\/newsletter\\\/22\\\/fluxo-assina-acordo-coletivo-para-distribuicao-dos-lucros\\\/#article\",\"isPartOf\":{\"@id\":\"https:\\\/\\\/fluxo.si\\\/newsletter\\\/22\\\/fluxo-assina-acordo-coletivo-para-distribuicao-dos-lucros\\\/\"},\"author\":{\"name\":\"Ane Milena\",\"@id\":\"https:\\\/\\\/fluxo.si\\\/#\\\/schema\\\/person\\\/10351f3a60d78109bd0d6b9f61217345\"},\"headline\":\"Fluxo assina acordo coletivo para distribui\u00e7\u00e3o dos lucros\",\"datePublished\":\"2011-09-14T20:43:57+00:00\",\"dateModified\":\"2021-08-04T17:56:42+00:00\",\"mainEntityOfPage\":{\"@id\":\"https:\\\/\\\/fluxo.si\\\/newsletter\\\/22\\\/fluxo-assina-acordo-coletivo-para-distribuicao-dos-lucros\\\/\"},\"wordCount\":172,\"commentCount\":0,\"publisher\":{\"@id\":\"https:\\\/\\\/fluxo.si\\\/#organization\"},\"articleSection\":[\"Newsletter 22\"],\"inLanguage\":\"en-US\",\"potentialAction\":[{\"@type\":\"CommentAction\",\"name\":\"Comment\",\"target\":[\"https:\\\/\\\/fluxo.si\\\/newsletter\\\/22\\\/fluxo-assina-acordo-coletivo-para-distribuicao-dos-lucros\\\/#respond\"]}]},{\"@type\":\"WebPage\",\"@id\":\"https:\\\/\\\/fluxo.si\\\/newsletter\\\/22\\\/fluxo-assina-acordo-coletivo-para-distribuicao-dos-lucros\\\/\",\"url\":\"https:\\\/\\\/fluxo.si\\\/newsletter\\\/22\\\/fluxo-assina-acordo-coletivo-para-distribuicao-dos-lucros\\\/\",\"name\":\"Fluxo assina acordo coletivo para distribui\u00e7\u00e3o dos lucros - Fluxo Solu\u00e7\u00f5es\",\"isPartOf\":{\"@id\":\"https:\\\/\\\/fluxo.si\\\/#website\"},\"datePublished\":\"2011-09-14T20:43:57+00:00\",\"dateModified\":\"2021-08-04T17:56:42+00:00\",\"breadcrumb\":{\"@id\":\"https:\\\/\\\/fluxo.si\\\/newsletter\\\/22\\\/fluxo-assina-acordo-coletivo-para-distribuicao-dos-lucros\\\/#breadcrumb\"},\"inLanguage\":\"en-US\",\"potentialAction\":[{\"@type\":\"ReadAction\",\"target\":[\"https:\\\/\\\/fluxo.si\\\/newsletter\\\/22\\\/fluxo-assina-acordo-coletivo-para-distribuicao-dos-lucros\\\/\"]}]},{\"@type\":\"BreadcrumbList\",\"@id\":\"https:\\\/\\\/fluxo.si\\\/newsletter\\\/22\\\/fluxo-assina-acordo-coletivo-para-distribuicao-dos-lucros\\\/#breadcrumb\",\"itemListElement\":[{\"@type\":\"ListItem\",\"position\":1,\"name\":\"In\u00edcio\",\"item\":\"https:\\\/\\\/fluxo.si\\\/\"},{\"@type\":\"ListItem\",\"position\":2,\"name\":\"Fluxo assina acordo coletivo para distribui\u00e7\u00e3o dos lucros\"}]},{\"@type\":\"WebSite\",\"@id\":\"https:\\\/\\\/fluxo.si\\\/#website\",\"url\":\"https:\\\/\\\/fluxo.si\\\/\",\"name\":\"Fluxo Solu\u00e7\u00f5es\",\"description\":\"Solu\u00e7\u00f5es e servi\u00e7os para processos industriais de produ\u00e7\u00e3o, movimenta\u00e7\u00e3o e armazenagem de fluidos.\",\"publisher\":{\"@id\":\"https:\\\/\\\/fluxo.si\\\/#organization\"},\"potentialAction\":[{\"@type\":\"SearchAction\",\"target\":{\"@type\":\"EntryPoint\",\"urlTemplate\":\"https:\\\/\\\/fluxo.si\\\/?s={search_term_string}\"},\"query-input\":{\"@type\":\"PropertyValueSpecification\",\"valueRequired\":true,\"valueName\":\"search_term_string\"}}],\"inLanguage\":\"en-US\"},{\"@type\":\"Organization\",\"@id\":\"https:\\\/\\\/fluxo.si\\\/#organization\",\"name\":\"Fluxo Solu\u00e7\u00f5es Integradas\",\"url\":\"https:\\\/\\\/fluxo.si\\\/\",\"logo\":{\"@type\":\"ImageObject\",\"inLanguage\":\"en-US\",\"@id\":\"https:\\\/\\\/fluxo.si\\\/#\\\/schema\\\/logo\\\/image\\\/\",\"url\":\"https:\\\/\\\/fluxo.si\\\/wp-content\\\/uploads\\\/2021\\\/05\\\/logo-fluxo-800.png\",\"contentUrl\":\"https:\\\/\\\/fluxo.si\\\/wp-content\\\/uploads\\\/2021\\\/05\\\/logo-fluxo-800.png\",\"width\":800,\"height\":268,\"caption\":\"Fluxo Solu\u00e7\u00f5es Integradas\"},\"image\":{\"@id\":\"https:\\\/\\\/fluxo.si\\\/#\\\/schema\\\/logo\\\/image\\\/\"},\"sameAs\":[\"https:\\\/\\\/www.linkedin.com\\\/company\\\/fluxosolutions\\\/\"]},{\"@type\":\"Person\",\"@id\":\"https:\\\/\\\/fluxo.si\\\/#\\\/schema\\\/person\\\/10351f3a60d78109bd0d6b9f61217345\",\"name\":\"Ane Milena\",\"image\":{\"@type\":\"ImageObject\",\"inLanguage\":\"en-US\",\"@id\":\"https:\\\/\\\/secure.gravatar.com\\\/avatar\\\/440ac0b9f23b5141ff85d612f6e39dd4add008e57d0388bf34434c1cc8f20087?s=96&d=mm&r=g\",\"url\":\"https:\\\/\\\/secure.gravatar.com\\\/avatar\\\/440ac0b9f23b5141ff85d612f6e39dd4add008e57d0388bf34434c1cc8f20087?s=96&d=mm&r=g\",\"contentUrl\":\"https:\\\/\\\/secure.gravatar.com\\\/avatar\\\/440ac0b9f23b5141ff85d612f6e39dd4add008e57d0388bf34434c1cc8f20087?s=96&d=mm&r=g\",\"caption\":\"Ane Milena\"}}]}<\/script>\n<!-- \/ Yoast SEO plugin. -->","yoast_head_json":{"title":"Fluxo signs collective agreement for profit distribution - Fluxo Solu\u00e7\u00f5es","robots":{"index":"index","follow":"follow","max-snippet":"max-snippet:-1","max-image-preview":"max-image-preview:large","max-video-preview":"max-video-preview:-1"},"canonical":"https:\/\/fluxo.si\/en\/newsletter\/22\/fluxo-assina-acordo-coletivo-para-distribuicao-dos-lucros\/","og_locale":"en_US","og_type":"article","og_title":"Fluxo assina acordo coletivo para distribui\u00e7\u00e3o dos lucros - Fluxo Solu\u00e7\u00f5es","og_description":"G\u00e9rsio Chiminazzo trabalha na Fluxo desde 2008 e at\u00e9 ano passado nunca tinha recebido remunera\u00e7\u00e3o vari\u00e1vel pela empresa. Em agosto de 2010, obteve adiantamento sobre a participa\u00e7\u00e3o nos lucros deste mesmo ano, com saldo a ser distribu\u00eddo agora em mar\u00e7o. Estes acontecimentos decorrem de decis\u00e3o tomada pela empresa, formalizada atrav\u00e9s de acordo coletivo assinado com [&hellip;]","og_url":"https:\/\/fluxo.si\/en\/newsletter\/22\/fluxo-assina-acordo-coletivo-para-distribuicao-dos-lucros\/","og_site_name":"Fluxo Solu\u00e7\u00f5es","article_published_time":"2011-09-14T20:43:57+00:00","article_modified_time":"2021-08-04T17:56:42+00:00","author":"Ane Milena","twitter_card":"summary_large_image","twitter_misc":{"Written by":"Ane Milena","Est. reading time":"1 minute"},"schema":{"@context":"https:\/\/schema.org","@graph":[{"@type":"Article","@id":"https:\/\/fluxo.si\/newsletter\/22\/fluxo-assina-acordo-coletivo-para-distribuicao-dos-lucros\/#article","isPartOf":{"@id":"https:\/\/fluxo.si\/newsletter\/22\/fluxo-assina-acordo-coletivo-para-distribuicao-dos-lucros\/"},"author":{"name":"Ane Milena","@id":"https:\/\/fluxo.si\/#\/schema\/person\/10351f3a60d78109bd0d6b9f61217345"},"headline":"Fluxo assina acordo coletivo para distribui\u00e7\u00e3o dos lucros","datePublished":"2011-09-14T20:43:57+00:00","dateModified":"2021-08-04T17:56:42+00:00","mainEntityOfPage":{"@id":"https:\/\/fluxo.si\/newsletter\/22\/fluxo-assina-acordo-coletivo-para-distribuicao-dos-lucros\/"},"wordCount":172,"commentCount":0,"publisher":{"@id":"https:\/\/fluxo.si\/#organization"},"articleSection":["Newsletter 22"],"inLanguage":"en-US","potentialAction":[{"@type":"CommentAction","name":"Comment","target":["https:\/\/fluxo.si\/newsletter\/22\/fluxo-assina-acordo-coletivo-para-distribuicao-dos-lucros\/#respond"]}]},{"@type":"WebPage","@id":"https:\/\/fluxo.si\/newsletter\/22\/fluxo-assina-acordo-coletivo-para-distribuicao-dos-lucros\/","url":"https:\/\/fluxo.si\/newsletter\/22\/fluxo-assina-acordo-coletivo-para-distribuicao-dos-lucros\/","name":"Fluxo signs collective agreement for profit distribution - Fluxo Solu\u00e7\u00f5es","isPartOf":{"@id":"https:\/\/fluxo.si\/#website"},"datePublished":"2011-09-14T20:43:57+00:00","dateModified":"2021-08-04T17:56:42+00:00","breadcrumb":{"@id":"https:\/\/fluxo.si\/newsletter\/22\/fluxo-assina-acordo-coletivo-para-distribuicao-dos-lucros\/#breadcrumb"},"inLanguage":"en-US","potentialAction":[{"@type":"ReadAction","target":["https:\/\/fluxo.si\/newsletter\/22\/fluxo-assina-acordo-coletivo-para-distribuicao-dos-lucros\/"]}]},{"@type":"BreadcrumbList","@id":"https:\/\/fluxo.si\/newsletter\/22\/fluxo-assina-acordo-coletivo-para-distribuicao-dos-lucros\/#breadcrumb","itemListElement":[{"@type":"ListItem","position":1,"name":"In\u00edcio","item":"https:\/\/fluxo.si\/"},{"@type":"ListItem","position":2,"name":"Fluxo assina acordo coletivo para distribui\u00e7\u00e3o dos lucros"}]},{"@type":"WebSite","@id":"https:\/\/fluxo.si\/#website","url":"https:\/\/fluxo.si\/","name":"Flow Solutions","description":"Solutions and services for industrial processes of production, movement and storage of fluids.","publisher":{"@id":"https:\/\/fluxo.si\/#organization"},"potentialAction":[{"@type":"SearchAction","target":{"@type":"EntryPoint","urlTemplate":"https:\/\/fluxo.si\/?s={search_term_string}"},"query-input":{"@type":"PropertyValueSpecification","valueRequired":true,"valueName":"search_term_string"}}],"inLanguage":"en-US"},{"@type":"Organization","@id":"https:\/\/fluxo.si\/#organization","name":"Integrated Solutions Flow","url":"https:\/\/fluxo.si\/","logo":{"@type":"ImageObject","inLanguage":"en-US","@id":"https:\/\/fluxo.si\/#\/schema\/logo\/image\/","url":"https:\/\/fluxo.si\/wp-content\/uploads\/2021\/05\/logo-fluxo-800.png","contentUrl":"https:\/\/fluxo.si\/wp-content\/uploads\/2021\/05\/logo-fluxo-800.png","width":800,"height":268,"caption":"Fluxo Solu\u00e7\u00f5es Integradas"},"image":{"@id":"https:\/\/fluxo.si\/#\/schema\/logo\/image\/"},"sameAs":["https:\/\/www.linkedin.com\/company\/fluxosolutions\/"]},{"@type":"Person","@id":"https:\/\/fluxo.si\/#\/schema\/person\/10351f3a60d78109bd0d6b9f61217345","name":"Ane Milena","image":{"@type":"ImageObject","inLanguage":"en-US","@id":"https:\/\/secure.gravatar.com\/avatar\/440ac0b9f23b5141ff85d612f6e39dd4add008e57d0388bf34434c1cc8f20087?s=96&d=mm&r=g","url":"https:\/\/secure.gravatar.com\/avatar\/440ac0b9f23b5141ff85d612f6e39dd4add008e57d0388bf34434c1cc8f20087?s=96&d=mm&r=g","contentUrl":"https:\/\/secure.gravatar.com\/avatar\/440ac0b9f23b5141ff85d612f6e39dd4add008e57d0388bf34434c1cc8f20087?s=96&d=mm&r=g","caption":"Ane Milena"}}]}},"_links":{"self":[{"href":"https:\/\/fluxo.si\/en\/wp-json\/wp\/v2\/posts\/1394","targetHints":{"allow":["GET"]}}],"collection":[{"href":"https:\/\/fluxo.si\/en\/wp-json\/wp\/v2\/posts"}],"about":[{"href":"https:\/\/fluxo.si\/en\/wp-json\/wp\/v2\/types\/post"}],"author":[{"embeddable":true,"href":"https:\/\/fluxo.si\/en\/wp-json\/wp\/v2\/users\/2"}],"replies":[{"embeddable":true,"href":"https:\/\/fluxo.si\/en\/wp-json\/wp\/v2\/comments?post=1394"}],"version-history":[{"count":1,"href":"https:\/\/fluxo.si\/en\/wp-json\/wp\/v2\/posts\/1394\/revisions"}],"predecessor-version":[{"id":5361,"href":"https:\/\/fluxo.si\/en\/wp-json\/wp\/v2\/posts\/1394\/revisions\/5361"}],"wp:attachment":[{"href":"https:\/\/fluxo.si\/en\/wp-json\/wp\/v2\/media?parent=1394"}],"wp:term":[{"taxonomy":"category","embeddable":true,"href":"https:\/\/fluxo.si\/en\/wp-json\/wp\/v2\/categories?post=1394"},{"taxonomy":"post_tag","embeddable":true,"href":"https:\/\/fluxo.si\/en\/wp-json\/wp\/v2\/tags?post=1394"}],"curies":[{"name":"wp","href":"https:\/\/api.w.org\/{rel}","templated":true}]}}